{"id":308,"date":"2021-04-27T01:19:20","date_gmt":"2021-04-27T06:19:20","guid":{"rendered":"https:\/\/ucsp.edu.pe\/felicitacionpublica\/?p=308"},"modified":"2026-02-02T10:24:17","modified_gmt":"2026-02-02T15:24:17","slug":"derecho","status":"publish","type":"post","link":"https:\/\/ucsp.edu.pe\/felicitacionpublica\/pregrado\/derecho\/","title":{"rendered":"Derecho"},"content":{"rendered":"\t\t<div data-elementor-type=\"wp-post\" data-elementor-id=\"308\" class=\"elementor elementor-308\">\n\t\t\t\t\t\t<div class=\"elementor-inner\">\n\t\t\t\t<div class=\"elementor-section-wrap\">\n\t\t\t\t\t\t\t\t\t<section class=\"elementor-section elementor-top-section elementor-element elementor-element-b01605c elementor-section-full_width elementor-section-height-min-height elementor-section-height-default elementor-section-items-middle\" data-id=\"b01605c\" data-element_type=\"section\" data-settings=\"{&quot;background_background&quot;:&quot;classic&quot;,&quot;background_motion_fx_motion_fx_scrolling&quot;:&quot;yes&quot;,&quot;background_motion_fx_motion_fx_mouse&quot;:&quot;yes&quot;,&quot;background_motion_fx_devices&quot;:[&quot;desktop&quot;,&quot;tablet&quot;,&quot;mobile&quot;]}\">\n\t\t\t\t\t\t<div class=\"elementor-container elementor-column-gap-default\">\n\t\t\t\t\t\t\t<div class=\"elementor-row\">\n\t\t\t\t\t<div class=\"elementor-column elementor-col-100 elementor-top-column elementor-element elementor-element-5bbb9ba\" data-id=\"5bbb9ba\" data-element_type=\"column\">\n\t\t\t<div class=\"elementor-column-wrap\">\n\t\t\t\t\t\t\t<div class=\"elementor-widget-wrap\">\n\t\t\t\t\t\t\t\t<\/div>\n\t\t\t\t\t<\/div>\n\t\t<\/div>\n\t\t\t\t\t\t\t\t<\/div>\n\t\t\t\t\t<\/div>\n\t\t<\/section>\n\t\t\t\t<section class=\"elementor-section elementor-top-section elementor-element elementor-element-2d7a7f3 elementor-section-full_width elementor-section-height-default elementor-section-height-default\" data-id=\"2d7a7f3\" data-element_type=\"section\" data-settings=\"{&quot;background_background&quot;:&quot;classic&quot;}\">\n\t\t\t\t\t\t<div class=\"elementor-container elementor-column-gap-default\">\n\t\t\t\t\t\t\t<div class=\"elementor-row\">\n\t\t\t\t\t<div class=\"elementor-column elementor-col-100 elementor-top-column elementor-element elementor-element-787c4f4\" data-id=\"787c4f4\" data-element_type=\"column\">\n\t\t\t<div class=\"elementor-column-wrap elementor-element-populated\">\n\t\t\t\t\t\t\t<div class=\"elementor-widget-wrap\">\n\t\t\t\t\t\t<div class=\"elementor-element elementor-element-6d1c0c7 elementor-widget elementor-widget-heading\" data-id=\"6d1c0c7\" data-element_type=\"widget\" data-widget_type=\"heading.default\">\n\t\t\t\t<div class=\"elementor-widget-container\">\n\t\t\t<h1 class=\"elementor-heading-title elementor-size-default\">Escuela Profesional<br>de Derecho<\/h1>\t\t<\/div>\n\t\t\t\t<\/div>\n\t\t\t\t<div class=\"elementor-element elementor-element-f0edfbc elementor-widget elementor-widget-heading\" data-id=\"f0edfbc\" data-element_type=\"widget\" data-widget_type=\"heading.default\">\n\t\t\t\t<div class=\"elementor-widget-container\">\n\t\t\t<h3 class=\"elementor-heading-title elementor-size-default\">Felicitaci\u00f3n p\u00fablica<\/h3>\t\t<\/div>\n\t\t\t\t<\/div>\n\t\t\t\t\t\t<\/div>\n\t\t\t\t\t<\/div>\n\t\t<\/div>\n\t\t\t\t\t\t\t\t<\/div>\n\t\t\t\t\t<\/div>\n\t\t<\/section>\n\t\t\t\t<section class=\"elementor-section elementor-top-section elementor-element elementor-element-724d5bf elementor-section-full_width elementor-section-height-default elementor-section-height-default\" data-id=\"724d5bf\" data-element_type=\"section\">\n\t\t\t\t\t\t<div class=\"elementor-container elementor-column-gap-no\">\n\t\t\t\t\t\t\t<div class=\"elementor-row\">\n\t\t\t\t\t<div class=\"elementor-column elementor-col-100 elementor-top-column elementor-element elementor-element-e529322\" data-id=\"e529322\" data-element_type=\"column\">\n\t\t\t<div class=\"elementor-column-wrap elementor-element-populated\">\n\t\t\t\t\t\t\t<div class=\"elementor-widget-wrap\">\n\t\t\t\t\t\t<div class=\"elementor-element elementor-element-5635b58 elementor-widget elementor-widget-shortcode\" data-id=\"5635b58\" data-element_type=\"widget\" data-widget_type=\"shortcode.default\">\n\t\t\t\t<div class=\"elementor-widget-container\">\n\t\t\t\t\t<div class=\"elementor-shortcode\">\t\t<div data-elementor-type=\"page\" data-elementor-id=\"625\" class=\"elementor elementor-625\">\n\t\t\t\t\t\t<div class=\"elementor-inner\">\n\t\t\t\t<div class=\"elementor-section-wrap\">\n\t\t\t\t\t\t\t\t\t<section class=\"elementor-section elementor-top-section elementor-element elementor-element-25d9d575 elementor-section-full_width elementor-section-content-middle elementor-section-height-default elementor-section-height-default\" data-id=\"25d9d575\" data-element_type=\"section\" data-settings=\"{&quot;background_background&quot;:&quot;classic&quot;}\">\n\t\t\t\t\t\t<div class=\"elementor-container elementor-column-gap-no\">\n\t\t\t\t\t\t\t<div class=\"elementor-row\">\n\t\t\t\t\t<div class=\"elementor-column elementor-col-100 elementor-top-column elementor-element elementor-element-e542cef\" data-id=\"e542cef\" data-element_type=\"column\">\n\t\t\t<div class=\"elementor-column-wrap elementor-element-populated\">\n\t\t\t\t\t\t\t<div class=\"elementor-widget-wrap\">\n\t\t\t\t\t\t<section class=\"elementor-section elementor-inner-section elementor-element elementor-element-210b4051 elementor-section-content-middle elementor-section-boxed elementor-section-height-default elementor-section-height-default\" data-id=\"210b4051\" data-element_type=\"section\">\n\t\t\t\t\t\t<div class=\"elementor-container elementor-column-gap-default\">\n\t\t\t\t\t\t\t<div class=\"elementor-row\">\n\t\t\t\t\t<div class=\"elementor-column elementor-col-50 elementor-inner-column elementor-element elementor-element-163c764\" data-id=\"163c764\" data-element_type=\"column\">\n\t\t\t<div class=\"elementor-column-wrap elementor-element-populated\">\n\t\t\t\t\t\t\t<div class=\"elementor-widget-wrap\">\n\t\t\t\t\t\t<div class=\"elementor-element elementor-element-34dc6188 elementor-widget elementor-widget-image\" data-id=\"34dc6188\" data-element_type=\"widget\" data-widget_type=\"image.default\">\n\t\t\t\t<div class=\"elementor-widget-container\">\n\t\t\t\t\t\t\t\t<div class=\"elementor-image\">\n\t\t\t\t\t\t\t\t\t\t\t\t<img decoding=\"async\" src=\"https:\/\/ucsp.edu.pe\/felicitacionpublica\/wp-content\/uploads\/2021\/04\/Alonso-quintanilla-foto-2022-dic.jpg\" title=\"Alonso-quintanilla-foto-2022-dic\" alt=\"Alonso-quintanilla-foto-2022-dic\" loading=\"lazy\" \/>\t\t\t\t\t\t\t\t\t\t\t\t\t\t<\/div>\n\t\t\t\t\t\t<\/div>\n\t\t\t\t<\/div>\n\t\t\t\t<div class=\"elementor-element elementor-element-2a8be0e3 elementor-hidden-desktop elementor-widget elementor-widget-text-editor\" data-id=\"2a8be0e3\" data-element_type=\"widget\" data-widget_type=\"text-editor.default\">\n\t\t\t\t<div class=\"elementor-widget-container\">\n\t\t\t\t\t\t\t\t<div class=\"elementor-text-editor elementor-clearfix\">\n\t\t\t\t<p style=\"text-align: center;\"><span style=\"font-size: 16px; font-weight: bold;\">Dr. Alonso Quintanilla<br \/><span style=\"color: #1342b4;\">R E C T O R<\/span><\/span><\/p>\t\t\t\t\t<\/div>\n\t\t\t\t\t\t<\/div>\n\t\t\t\t<\/div>\n\t\t\t\t\t\t<\/div>\n\t\t\t\t\t<\/div>\n\t\t<\/div>\n\t\t\t\t<div class=\"elementor-column elementor-col-50 elementor-inner-column elementor-element elementor-element-5e488151\" data-id=\"5e488151\" data-element_type=\"column\">\n\t\t\t<div class=\"elementor-column-wrap elementor-element-populated\">\n\t\t\t\t\t\t\t<div class=\"elementor-widget-wrap\">\n\t\t\t\t\t\t<div class=\"elementor-element elementor-element-504dc675 elementor-widget elementor-widget-text-editor\" data-id=\"504dc675\" data-element_type=\"widget\" data-widget_type=\"text-editor.default\">\n\t\t\t\t<div class=\"elementor-widget-container\">\n\t\t\t\t\t\t\t\t<div class=\"elementor-text-editor elementor-clearfix\">\n\t\t\t\t<p><span style=\"font-size: 30px; font-weight: 500;\">Palabras de reconocimiento del<\/span><br \/><span style=\"font-size: 30px;\">Dr. Alonso Quintanilla, Rector de la UCSP<\/span><br \/><span style=\"font-size: 19px;\">a los alumnos titulados que han obtenido felicitaci\u00f3n p\u00fablica.<\/span><\/p>\t\t\t\t\t<\/div>\n\t\t\t\t\t\t<\/div>\n\t\t\t\t<\/div>\n\t\t\t\t<div class=\"elementor-element elementor-element-765958e2 elementor-mobile-align-center elementor-widget elementor-widget-button\" data-id=\"765958e2\" data-element_type=\"widget\" data-widget_type=\"button.default\">\n\t\t\t\t<div class=\"elementor-widget-container\">\n\t\t\t\t\t<div class=\"elementor-button-wrapper\">\n\t\t\t<a href=\"#elementor-action%3Aaction%3Dpopup%3Aopen%26settings%3DeyJpZCI6IjEwMyIsInRvZ2dsZSI6ZmFsc2V9\" class=\"elementor-button-link elementor-button elementor-size-sm\" role=\"button\">\n\t\t\t\t\t\t<span class=\"elementor-button-content-wrapper\">\n\t\t\t\t\t\t<span class=\"elementor-button-text\">VER VIDEO<\/span>\n\t\t<\/span>\n\t\t\t\t\t<\/a>\n\t\t<\/div>\n\t\t\t\t<\/div>\n\t\t\t\t<\/div>\n\t\t\t\t\t\t<\/div>\n\t\t\t\t\t<\/div>\n\t\t<\/div>\n\t\t\t\t\t\t\t\t<\/div>\n\t\t\t\t\t<\/div>\n\t\t<\/section>\n\t\t\t\t\t\t<\/div>\n\t\t\t\t\t<\/div>\n\t\t<\/div>\n\t\t\t\t\t\t\t\t<\/div>\n\t\t\t\t\t<\/div>\n\t\t<\/section>\n\t\t\t\t<section class=\"elementor-section elementor-top-section elementor-element elementor-element-66ef019 elementor-section-boxed elementor-section-height-default elementor-section-height-default\" data-id=\"66ef019\" data-element_type=\"section\">\n\t\t\t\t\t\t<div class=\"elementor-container elementor-column-gap-default\">\n\t\t\t\t\t\t\t<div class=\"elementor-row\">\n\t\t\t\t\t<div class=\"elementor-column elementor-col-100 elementor-top-column elementor-element elementor-element-866bd97\" data-id=\"866bd97\" data-element_type=\"column\">\n\t\t\t<div class=\"elementor-column-wrap elementor-element-populated\">\n\t\t\t\t\t\t\t<div class=\"elementor-widget-wrap\">\n\t\t\t\t\t\t<section class=\"elementor-section elementor-inner-section elementor-element elementor-element-f3fe782 elementor-section-boxed elementor-section-height-default elementor-section-height-default\" data-id=\"f3fe782\" data-element_type=\"section\">\n\t\t\t\t\t\t<div class=\"elementor-container elementor-column-gap-default\">\n\t\t\t\t\t\t\t<div class=\"elementor-row\">\n\t\t\t\t\t<div class=\"elementor-column elementor-col-50 elementor-inner-column elementor-element elementor-element-681ab43\" data-id=\"681ab43\" data-element_type=\"column\">\n\t\t\t<div class=\"elementor-column-wrap elementor-element-populated\">\n\t\t\t\t\t\t\t<div class=\"elementor-widget-wrap\">\n\t\t\t\t\t\t<div class=\"elementor-element elementor-element-0835152 elementor-hidden-phone elementor-widget elementor-widget-text-editor\" data-id=\"0835152\" data-element_type=\"widget\" data-widget_type=\"text-editor.default\">\n\t\t\t\t<div class=\"elementor-widget-container\">\n\t\t\t\t\t\t\t\t<div class=\"elementor-text-editor elementor-clearfix\">\n\t\t\t\t<p style=\"text-align: center;\"><span style=\"font-size: 20px; font-weight: bold;\">Dr. Alonso Quintanilla<br \/><span style=\"color: #1342b4;\">R E C T O R<\/span><\/span><\/p>\t\t\t\t\t<\/div>\n\t\t\t\t\t\t<\/div>\n\t\t\t\t<\/div>\n\t\t\t\t\t\t<\/div>\n\t\t\t\t\t<\/div>\n\t\t<\/div>\n\t\t\t\t<div class=\"elementor-column elementor-col-50 elementor-inner-column elementor-element elementor-element-3b898ab\" data-id=\"3b898ab\" data-element_type=\"column\">\n\t\t\t<div class=\"elementor-column-wrap\">\n\t\t\t\t\t\t\t<div class=\"elementor-widget-wrap\">\n\t\t\t\t\t\t\t\t<\/div>\n\t\t\t\t\t<\/div>\n\t\t<\/div>\n\t\t\t\t\t\t\t\t<\/div>\n\t\t\t\t\t<\/div>\n\t\t<\/section>\n\t\t\t\t\t\t<\/div>\n\t\t\t\t\t<\/div>\n\t\t<\/div>\n\t\t\t\t\t\t\t\t<\/div>\n\t\t\t\t\t<\/div>\n\t\t<\/section>\n\t\t\t\t\t\t\t\t\t<\/div>\n\t\t\t<\/div>\n\t\t\t\t\t<\/div>\n\t\t<\/div>\n\t\t\t\t<\/div>\n\t\t\t\t<\/div>\n\t\t\t\t\t\t<\/div>\n\t\t\t\t\t<\/div>\n\t\t<\/div>\n\t\t\t\t\t\t\t\t<\/div>\n\t\t\t\t\t<\/div>\n\t\t<\/section>\n\t\t\t\t<section class=\"elementor-section elementor-top-section elementor-element elementor-element-a59b442 elementor-section-boxed elementor-section-height-default elementor-section-height-default\" data-id=\"a59b442\" data-element_type=\"section\">\n\t\t\t\t\t\t<div class=\"elementor-container elementor-column-gap-default\">\n\t\t\t\t\t\t\t<div class=\"elementor-row\">\n\t\t\t\t\t<div class=\"elementor-column elementor-col-100 elementor-top-column elementor-element elementor-element-ae6d677\" data-id=\"ae6d677\" data-element_type=\"column\">\n\t\t\t<div class=\"elementor-column-wrap elementor-element-populated\">\n\t\t\t\t\t\t\t<div class=\"elementor-widget-wrap\">\n\t\t\t\t\t\t<div class=\"elementor-element elementor-element-f05c2c4 elementor-widget elementor-widget-html\" data-id=\"f05c2c4\" data-element_type=\"widget\" data-widget_type=\"html.default\">\n\t\t\t\t<div class=\"elementor-widget-container\">\n\t\t\t<div style=\"overflow-x:auto;\">\r\n<table border=\"0\" celladding=\"0\" cellspacing=\"0\" width=\"100%\r\n\">\r\n  <thead>\r\n <tr>\r\n   <th width=\"234\">ESCUELA PROFESIONAL<\/th>\r\n   <th width=\"226\">NOMBRES Y APELLIDOS<\/th>\r\n   <th width=\"327\">TRABAJO DE INVESTIGACION\/<br>\r\n  TRABAJO DE SUFICIENCIA PROFESIONAL\/<br>\r\n  TESIS<\/th>\r\n   <th width=\"119\">FECHA DE<br>\r\n  DIPLOMA<\/th>\r\n <\/tr>\r\n<\/thead>\r\n <tr>\r\n   <td>Derecho<\/td>\r\n   <td>Alejandra Bellido Vergaray<\/td>\r\n   <td>Aplicaci\u00f3n del Deber de Mitigar los Da\u00f1os por Parte del Acreedor a los Supuestos de Responsabilidad Civil Derivados del Incumplimiento del Contrato M\u00e9dico<\/td>\r\n   <td>28\/8\/2020<\/td>\r\n <\/tr>\r\n <tr>\r\n   <td>Derecho<\/td>\r\n   <td>Mariella Nicole Manrique Guill\u00e9n<\/td>\r\n   <td>Obligaciones del Estado Peruano en Materia de Protecci\u00f3n a Menores Ap\u00e1tridas: A Prop\u00f3sito del Nacimiento de Ni\u00f1os y Ni\u00f1as con Padres Venezolanos en Colombia y Posterior Migraci\u00f3n al Territorio Peruano<\/td>\r\n   <td>2\/10\/2020<\/td>\r\n <\/tr>\r\n <tr>\r\n   <td>Derecho<\/td>\r\n   <td>Jonathan Nicol\u00e1s Mollo Huanca<\/td>\r\n   <td>Informe Jur\u00eddico sobre el Expediente N\u00ba 06079-2017-0-0401-JR-PE-04- Materia: Penal, Tr\u00e1fico Il\u00edcito de Drogras<\/td>\r\n   <td>6\/11\/2020<\/td>\r\n <\/tr>\r\n <tr>\r\n   <td>Derecho<\/td>\r\n   <td>Maria Angela Nalvarte Lozada<\/td>\r\n   <td>Informe Jur\u00eddico sobre el Expediente N\u00ba 048-2016-GRA\/GRTPE-DPSC-SDNC- Materia: Arbitraje Laboral<\/td>\r\n   <td>6\/11\/2020<\/td>\r\n <\/tr>\r\n <tr>\r\n   <td>Derecho<\/td>\r\n   <td>Juan Carlos Maque Torres<\/td>\r\n   <td>La Tutela de los Derechos de los Consumidores frente al Status Jur\u00eddico del Aplicativo de Servicio de Taxi con Mayor Alcance en el Per\u00fa<\/td>\r\n   <td>5\/1\/2021<\/td>\r\n <\/tr>\r\n <tr>\r\n   <td>Derecho<\/td>\r\n   <td>Piero Fabricio Rios Carrillo<\/td>\r\n   <td>Entre el Utilitarismo y la Prudencia una Propuesta de Comprensi\u00f3n del Consecuencialismo en la Teor\u00eda del Razonamiento Jur\u00eddico de Neil Maccormick<\/td>\r\n   <td>5\/1\/2021<\/td>\r\n <\/tr>\r\n <tr>\r\n   <td>Derecho<\/td>\r\n   <td>Jos\u00e9 Carlos Mar\u00eda Rivera Espinoza<\/td>\r\n   <td>Cierre Unilateral de Cuentas de Ahorro Bancarias: \u00bfInobservacia del Deber de Idoneidad, Discriminaci\u00f3n en el Consumo o Cl\u00e1usulas Abusivas?<\/td>\r\n   <td>5\/1\/2021<\/td>\r\n <\/tr>\r\n <tr>\r\n   <td>Derecho<\/td>\r\n   <td>Bruno Rodr\u00edguez Reveggino<\/td>\r\n   <td>El Principio de Subsidiaridad en la Etapa de Supervisi\u00f3n de Cumplimiento de las Sentencias de la Corte Interamericana de Derechos Humanos<\/td>\r\n   <td>5\/1\/2021<\/td>\r\n <\/tr>\r\n <tr>\r\n   <td>Derecho<\/td>\r\n   <td>Claudia Alvizuri Checa<\/td>\r\n   <td>La Leg\u00edtima Defensa en el Derecho Internacional \u00bfDerecho de los Estados o Excusa para Atacar? A la Luz del Conflicto entre Estados Unidos e Ir\u00e1n<\/td>\r\n   <td>29\/1\/2020<\/td>\r\n <\/tr>\r\n <tr>\r\n   <td>Derecho<\/td>\r\n   <td>Yvan Vladko Gamero Skoplak<\/td>\r\n   <td>La Leg\u00edtima Defensa en el Derecho Internacional \u00bfDerecho de los Estados o Excusa para Atacar? A la Luz del Conflicto entre Estados Unidos e Ir\u00e1n<\/td>\r\n   <td>29\/1\/2021<\/td>\r\n <\/tr>\r\n <tr>\r\n   <td>Derecho<\/td>\r\n   <td>Ana Lucia Rubio Gonz\u00e1les<\/td>\r\n   <td>An\u00e1lisis Cr\u00edtico de la Incorporaci\u00f3n de los Punitive Damages en Materia de Seguridad y Salud en el Trabajo<\/td>\r\n   <td>29\/1\/2021<\/td>\r\n <\/tr>\r\n <tr>\r\n   <td>Derecho<\/td>\r\n   <td>Ra\u00fal Fernando Z\u00fa\u00f1iga Peralta<\/td>\r\n   <td>La Resoluci\u00f3n Contractual por Razones Forzosas: An\u00e1lisis desde el Derecho y la Econom\u00eda de los Contratos de Larga Duraci\u00f3n en los UPICC 2016<\/td>\r\n   <td>29\/1\/2021<\/td>\r\n <\/tr>\r\n <tr>\r\n   <td>Derecho<\/td>\r\n   <td>Antonio Besich Adrian<\/td>\r\n   <td>An\u00e1lisis del Reconocimiento de la Reposici\u00f3n Laboral como Forma Adecuada de Protecci\u00f3n Frente al Despido Arbitrario y su Impacto en el Mercado de Trabajo<\/td>\r\n   <td>6\/7\/2021<\/td>\r\n <\/tr>\r\n <tr>\r\n   <td>Derecho<\/td>\r\n   <td>Fiorella Nicolle Bustamante Zegarra<\/td>\r\n   <td>Incorporaci\u00f3n del Sandbox Regulatorio al ordenamiento jur\u00eddico peruano en materia de seguros, a la luz de la irrupci\u00f3n de la industria InsurTech<\/td>\r\n   <td>6\/7\/2021<\/td>\r\n <\/tr>\r\n <tr>\r\n   <td>Derecho<\/td>\r\n   <td>Aida Vicky Apaza Mamani<\/td>\r\n   <td>El Concepto Jur\u00eddico de Mujer como Sujeto de Protecci\u00f3n en la Ley N\u00ba 30364 y su Reglamento. <\/td>\r\n   <td>9\/11\/2021<\/td>\r\n <\/tr>\r\n <tr>\r\n   <td>Derecho<\/td>\r\n   <td>Edison Freddy Choque Coyla<\/td>\r\n   <td>El Modelo Social de Discapacidad y la Protecci\u00f3n de las Personas Mayores de Edad Privadas de Discernimiento en la Celebraci\u00f3n de Negocios Jur\u00eddicos. An\u00e1lisis Cr\u00edtico al Decreto Legislativo N\u00b0 1384.<\/td>\r\n   <td>9\/11\/2021<\/td>\r\n <\/tr>\r\n <tr>\r\n   <td>Derecho<\/td>\r\n   <td>Romely Eliana Garrafa Quispe<\/td>\r\n   <td>El Concepto Jur\u00eddico de Mujer como Sujeto de Protecci\u00f3n en la Ley N\u00ba 30364 y su Reglamento.<\/td>\r\n   <td>9\/11\/2021<\/td>\r\n <\/tr>\r\n <tr>\r\n   <td>Derecho<\/td>\r\n   <td>Ana Belen Ponce Escobedo<\/td>\r\n   <td>An\u00e1lisis sobre la Regulaci\u00f3n del Trabajo Econ\u00f3micamente Dependiente en el Per\u00fa, al Amparo del Trabajo Decente y los Principios de la Constituci\u00f3n Pol\u00edtica Peruana.<\/td>\r\n   <td>9\/11\/2021<\/td>\r\n <\/tr>\r\n  <tr>\r\n   <td>Derecho<\/td>\r\n   <td>Alejandro Quintanilla Perea<\/td>\r\n   <td>Cumplimiento del Deber de Prevenci\u00f3n del Estado Peruano de Afectaciones a Derechos Humanos en torno a la Actividad Empresarial Mediante la Exigibilidad de Implementaci\u00f3n de Sistemas de Compliance.<\/td>\r\n   <td>7\/12\/2021<\/td>\r\n <tr>\r\n     <td>Derecho<\/td>\r\n     <td>Andrea Fernanda Villafuerte Vira<\/td>\r\n     <td>Aproximaci\u00f3n al CROWDFUNDING en el Per\u00fa: A Prop\u00f3sito del Decreto de Urgencia N\u00ba013-2020 que Regula el Financiamiento Participativo Financiero.<\/td>\r\n     <td>28\/01\/2022<\/td>\r\n   <\/tr>\r\n    <tr>\r\n     <td>Derecho<\/td>\r\n     <td>Renato Javier Lozada Herrera\r\n<\/td>\r\n     <td>An\u00e1lisis de la Responsabilidad Internacional de los Estados por Causa de la Actividad Empresarial Privada: Lineamientos Exigidos por La Corte Interamericana De Derechos Humanos.\r\n<\/td>\r\n     <td>02\/06\/2022<\/td>\r\n   <\/tr>\r\n       <tr>\r\n     <td>Derecho<\/td>\r\n     <td>Onofre Jean-Pierre Flores Sanchez\r\n\r\n<\/td>\r\n     <td>An\u00e1lisis de la Regulaci\u00f3n Jur\u00eddica del Ecosistema de los Deportes Electr\u00f3nicos (ESPORTS) en el Per\u00fa, 2022.\r\n\r\n<\/td>\r\n     <td>03\/11\/2022<\/td>\r\n   <\/tr>\r\n       <tr>\r\n     <td>Derecho<\/td>\r\n     <td>Kenny Michael Torres Velarde\r\n\r\n<\/td>\r\n     <td>An\u00e1lisis de la Regulaci\u00f3n Jur\u00eddica del Ecosistema de los Deportes Electr\u00f3nicos (ESPORTS) en el Per\u00fa, 2022.\r\n<\/td>\r\n     <td>03\/11\/2022<\/td>\r\n   <\/tr>\r\n   <tr>\r\n     <td>Derecho<\/td>\r\n     <td>Christian Fernando Rendon Escobedo\r\n<\/td>\r\n     <td>T\u00edtulos Valores Electr\u00f3nicos.\r\n<\/td>\r\n     <td>07\/02\/2023<\/td>\r\n   <\/tr>\r\n   <tr>\r\n     <td>Derecho<\/td>\r\n     <td>Paulo Cesar Rendon Escobedo\r\n<\/td>\r\n     <td>T\u00edtulos Valores Electr\u00f3nicos.\r\n<\/td>\r\n     <td>07\/02\/2023<\/td>\r\n   <\/tr>\r\n      <tr>\r\n     <td>Derecho<\/td>\r\n     <td>Ximena Benita Calla Luna\r\n<\/td>\r\n     <td>Los Derechos Fundamentales del Denunciado en el proceso de otorgamiento de medidas de protecci\u00f3n regulado en la LEY N\u00b030364, LEY para prevenir, sancionar y erradicar la violencia contra las Mujeres y los integrantes del Grupo Familiar.\r\n<\/td>\r\n     <td>09\/05\/2023<\/td>\r\n   <\/tr>\r\n      <tr>\r\n     <td>Derecho<\/td>\r\n     <td>Ramiro Gabriel Rivera Guitton\r\n\r\n<\/td>\r\n     <td>Los Derechos Fundamentales del Denunciado en el proceso de otorgamiento de medidas de protecci\u00f3n regulado en la LEY N\u00b030364, LEY para prevenir, sancionar y erradicar la violencia contra las Mujeres y los integrantes del Grupo Familiar.\r\n<\/td>\r\n     <td>09\/05\/2023<\/td>\r\n   <\/tr>\r\n    <tr>\r\n     <td>Derecho<\/td>\r\n     <td>Sara Oquiche Avila\r\n<\/td>\r\n     <td>Inteligencia Artificial y Responsabilidad Civil Extracontractual: una Evaluaci\u00f3n de los Criterios para su  Aplicaci\u00f3n\r\n<\/td>\r\n     <td>30\/06\/2023<\/td>\r\n   <\/tr>\r\n    <tr>\r\n     <td>Derecho<\/td>\r\n     <td>Frank Sebastian Vela Huamani\r\n<\/td>\r\n     <td>Inteligencia Artificial y Responsabilidad Civil Extracontractual: una Evaluaci\u00f3n de los Criterios para su  Aplicaci\u00f3n\r\n<\/td>\r\n     <td>30\/06\/2023<\/td>\r\n   <\/tr>\r\n       <tr>\r\n     <td>Derecho<\/td>\r\n     <td>Brando Salvador Guitton Manrique\r\n<\/td>\r\n     <td>Delimitaci\u00f3n de la Naturaleza Jur\u00eddica de las Plataformas de Econom\u00eda Colaborativa y su Regulaci\u00f3n en Materia de Protecci\u00f3n al Consumidor en el Per\u00fa.\r\n<\/td>\r\n     <td>30\/11\/2023<\/td>\r\n   <\/tr>\r\n<tr>\r\n     <td>Derecho<\/td>\r\n     <td>Andrea Sofia Lozano Lizarraga<\/td>\r\n     <td>Delimitaci\u00f3n de la Naturaleza Jur\u00eddica de las Plataformas de Econom\u00eda Colaborativa y su Regulaci\u00f3n en Materia de Protecci\u00f3n al Consumidor en el Per\u00fa.<\/td>\r\n     <td>30\/11\/2023<\/td>\r\n<\/tr>\r\n<tr>\r\n     <td>Derecho<\/td>\r\n     <td>Sebastian Garnica Casta\u00f1eda<\/td>\r\n     <td>Propuesta para un control de convencionalidad difuso razonable de los indultos concedidos a exmandatarios sancionados por graves violaciones a derechos humanos. A prop\u00f3sito de los casos videla y fujimori.<\/td>\r\n     <td>08\/05\/2025<\/td>\r\n<\/tr>\r\n<tr>\r\n     <td>Derecho<\/td>\r\n     <td>Luisa Ximena Matheus Mamani<\/td>\r\n     <td>Propuesta para un control de convencionalidad difuso razonable de los indultos concedidos a exmandatarios sancionados por graves violaciones a derechos humanos. A prop\u00f3sito de los casos videla y fujimori.<\/td>\r\n     <td>08\/05\/2025<\/td>\r\n<\/tr>\r\n<tr>\r\n     <td>Derecho<\/td>\r\n     <td>Lizbeth Paola Condori Conza<\/td>\r\n     <td>La protecci\u00f3n del ejercicio del derecho a ser olvidado del declarado absuelto ante los derechos de libertad de expresi\u00f3n e informaci\u00f3n en internet<\/td>\r\n     <td>2\/10\/2025<\/td>\r\n<\/tr>\r\n<tr>\r\n     <td>Derecho<\/td>\r\n     <td>Angela Milagros Huanca Condori<\/td>\r\n     <td>La protecci\u00f3n del ejercicio del derecho a ser olvidado del declarado absuelto ante los derechos de libertad de expresi\u00f3n e informaci\u00f3n en internet<\/td>\r\n     <td>2\/10\/2025<\/td>\r\n<\/tr>\r\n<tr>\r\n     <td>Derecho<\/td>\r\n     <td>Amanda Sofia Otazu Ocharan<\/td>\r\n     <td>La protecci\u00f3n a periodistas y defensores de derechos humanos frente a las actividades de vigilancia: an\u00e1lisis de los est\u00e1ndares interamericanos para garantizar su privacidad y libertad de expresi\u00f3n en la red<\/td>\r\n     <td>2\/10\/2025<\/td>\r\n<\/tr>\r\n<tr>\r\n     <td>Derecho<\/td>\r\n     <td>Valeria Meryan Delgado Bejarano<\/td>\r\n     <td>La incompatibilidad de la Maternidad Subrogada con el Derecho Internacional de los Derechos Humanos. An\u00e1lisis y propuesta de criterios interpretativos para casos futuros a ser conocidos por la Corte IDH<\/td>\r\n     <td>28\/11\/2025<\/td>\r\n<\/tr>\r\n<tr>\r\n     <td>Derecho<\/td>\r\n     <td>Amiel Angela Victoria Jauregui Vilca<\/td>\r\n     <td>Principio de inseparabilidad real frente a los bienes parcialmente instrumentalizados: Propuesta interpretativa ajustada al derecho de propiedad en atenci\u00f3n a las sentencias de vista de la Sala de Extinci\u00f3n de Dominio de Arequipa 2023\u20132024<\/td>\r\n     <td>29\/01\/2026<\/td>\r\n<\/tr>\r\n<\/table>\r\n<\/div>\t\t<\/div>\n\t\t\t\t<\/div>\n\t\t\t\t\t\t<\/div>\n\t\t\t\t\t<\/div>\n\t\t<\/div>\n\t\t\t\t\t\t\t\t<\/div>\n\t\t\t\t\t<\/div>\n\t\t<\/section>\n\t\t\t\t<section class=\"elementor-section elementor-top-section elementor-element elementor-element-cf48a1d elementor-section-boxed elementor-section-height-default elementor-section-height-default\" data-id=\"cf48a1d\" data-element_type=\"section\">\n\t\t\t\t\t\t<div class=\"elementor-container elementor-column-gap-default\">\n\t\t\t\t\t\t\t<div class=\"elementor-row\">\n\t\t\t\t\t<div class=\"elementor-column elementor-col-100 elementor-top-column elementor-element elementor-element-c2bedf9\" data-id=\"c2bedf9\" data-element_type=\"column\">\n\t\t\t<div class=\"elementor-column-wrap elementor-element-populated\">\n\t\t\t\t\t\t\t<div class=\"elementor-widget-wrap\">\n\t\t\t\t\t\t<div class=\"elementor-element elementor-element-63fa00d elementor-widget elementor-widget-heading\" data-id=\"63fa00d\" data-element_type=\"widget\" data-widget_type=\"heading.default\">\n\t\t\t\t<div class=\"elementor-widget-container\">\n\t\t\t<h2 class=\"elementor-heading-title elementor-size-default\">Compartir<\/h2>\t\t<\/div>\n\t\t\t\t<\/div>\n\t\t\t\t<div class=\"elementor-element elementor-element-a2ec880 elementor-share-buttons--view-icon elementor-share-buttons--skin-flat elementor-share-buttons--shape-circle elementor-share-buttons--align-center elementor-grid-0 elementor-share-buttons--color-official elementor-widget elementor-widget-share-buttons\" data-id=\"a2ec880\" data-element_type=\"widget\" data-widget_type=\"share-buttons.default\">\n\t\t\t\t<div class=\"elementor-widget-container\">\n\t\t\t\t\t<div class=\"elementor-grid\">\n\t\t\t\t\t\t\t\t<div class=\"elementor-grid-item\">\n\t\t\t\t\t\t<div class=\"elementor-share-btn elementor-share-btn_facebook\">\n\t\t\t\t\t\t\t\t\t\t\t\t\t\t\t<span class=\"elementor-share-btn__icon\">\n\t\t\t\t\t\t\t\t<i class=\"fab fa-facebook\"\n\t\t\t\t\t\t\t\t   aria-hidden=\"true\"><\/i>\n\t\t\t\t\t\t\t\t<span\n\t\t\t\t\t\t\t\t\tclass=\"elementor-screen-only\">Share on facebook<\/span>\n\t\t\t\t\t\t\t<\/span>\n\t\t\t\t\t\t\t\t\t\t\t\t\t\t\t\t\t\t\t\t<\/div>\n\t\t\t\t\t<\/div>\n\t\t\t\t\t\t<\/div>\n\t\t\t\t<\/div>\n\t\t\t\t<\/div>\n\t\t\t\t\t\t<\/div>\n\t\t\t\t\t<\/div>\n\t\t<\/div>\n\t\t\t\t\t\t\t\t<\/div>\n\t\t\t\t\t<\/div>\n\t\t<\/section>\n\t\t\t\t<section class=\"elementor-section elementor-top-section elementor-element elementor-element-03f7077 elementor-section-full_width elementor-section-height-default elementor-section-height-default\" data-id=\"03f7077\" data-element_type=\"section\">\n\t\t\t\t\t\t<div class=\"elementor-container elementor-column-gap-no\">\n\t\t\t\t\t\t\t<div class=\"elementor-row\">\n\t\t\t\t\t<div class=\"elementor-column elementor-col-100 elementor-top-column elementor-element elementor-element-30170c0\" data-id=\"30170c0\" data-element_type=\"column\">\n\t\t\t<div class=\"elementor-column-wrap elementor-element-populated\">\n\t\t\t\t\t\t\t<div class=\"elementor-widget-wrap\">\n\t\t\t\t\t\t<div class=\"elementor-element elementor-element-79545e9 elementor-widget elementor-widget-shortcode\" data-id=\"79545e9\" data-element_type=\"widget\" data-widget_type=\"shortcode.default\">\n\t\t\t\t<div class=\"elementor-widget-container\">\n\t\t\t\t\t<div class=\"elementor-shortcode\">\t\t<div data-elementor-type=\"footer\" data-elementor-id=\"409\" class=\"elementor elementor-409\">\n\t\t<div class=\"elementor-section-wrap\">\n\t\t\t\t\t<section class=\"elementor-section elementor-top-section elementor-element elementor-element-231809b elementor-section-content-middle elementor-section-boxed elementor-section-height-default elementor-section-height-default\" data-id=\"231809b\" data-element_type=\"section\" id=\"footer\" data-settings=\"{&quot;background_background&quot;:&quot;classic&quot;}\">\n\t\t\t\t\t\t<div class=\"elementor-container elementor-column-gap-no\">\n\t\t\t\t\t\t\t<div class=\"elementor-row\">\n\t\t\t\t\t<div class=\"elementor-column elementor-col-100 elementor-top-column elementor-element elementor-element-c04f379\" data-id=\"c04f379\" data-element_type=\"column\">\n\t\t\t<div class=\"elementor-column-wrap elementor-element-populated\">\n\t\t\t\t\t\t\t<div class=\"elementor-widget-wrap\">\n\t\t\t\t\t\t<section class=\"elementor-section elementor-inner-section elementor-element elementor-element-a22ff00 elementor-section-full_width elementor-section-height-default elementor-section-height-default\" data-id=\"a22ff00\" data-element_type=\"section\">\n\t\t\t\t\t\t<div class=\"elementor-container elementor-column-gap-default\">\n\t\t\t\t\t\t\t<div class=\"elementor-row\">\n\t\t\t\t\t<div class=\"elementor-column elementor-col-25 elementor-inner-column elementor-element elementor-element-6a086ae\" data-id=\"6a086ae\" data-element_type=\"column\">\n\t\t\t<div class=\"elementor-column-wrap elementor-element-populated\">\n\t\t\t\t\t\t\t<div class=\"elementor-widget-wrap\">\n\t\t\t\t\t\t<div class=\"elementor-element elementor-element-0319c41 elementor-widget elementor-widget-image\" data-id=\"0319c41\" data-element_type=\"widget\" data-widget_type=\"image.default\">\n\t\t\t\t<div class=\"elementor-widget-container\">\n\t\t\t\t\t\t\t\t<div class=\"elementor-image\">\n\t\t\t\t\t\t\t\t\t\t\t\t\t<a href=\"https:\/\/ucsp.edu.pe\/\" target=\"_blank\">\n\t\t\t\t\t\t\t<img decoding=\"async\" width=\"111\" height=\"48\" src=\"https:\/\/ucsp.edu.pe\/felicitacionpublica\/wp-content\/uploads\/2021\/04\/logo-ucsp-2025.svg\" class=\"attachment-full size-full wp-image-1840\" alt=\"\" loading=\"lazy\" sizes=\"100vw\" \/>\t\t\t\t\t\t\t\t<\/a>\n\t\t\t\t\t\t\t\t\t\t\t\t\t\t<\/div>\n\t\t\t\t\t\t<\/div>\n\t\t\t\t<\/div>\n\t\t\t\t<div class=\"elementor-element elementor-element-c8dd51d elementor-widget elementor-widget-text-editor\" data-id=\"c8dd51d\" data-element_type=\"widget\" data-widget_type=\"text-editor.default\">\n\t\t\t\t<div class=\"elementor-widget-container\">\n\t\t\t\t\t\t\t\t<div class=\"elementor-text-editor elementor-clearfix\">\n\t\t\t\t<p style=\"text-align: left;\"><strong>Universidad Cat\u00f3lica San Pablo<\/strong><\/p><p style=\"text-align: left;\"><strong>Campus San L\u00e1zaro:<\/strong> Urb. Campi\u00f1a Paisajista Mz. H Lt. 32 \u2013 Quinta Vivanco<\/p><p style=\"text-align: left;\"><strong>Campus Sucre:<\/strong> Calle Sucre 601, Vallecito<\/p><p style=\"text-align: left;\"><strong>Extensi\u00f3n Universitaria:<\/strong> Av. Salaverry 301, Vallecito<\/p><p style=\"text-align: left;\"><strong>Centro de las Artes:<\/strong> Palacio Viejo 414, Cercado<\/p><p style=\"text-align: left;\"><a href=\"tel:5154605630\">+51 54 605630<\/a> | <a href=\"tel:5154605600\">+51 54 605600<\/a><br \/><a href=\"mailto:institucional@ucsp.edu.pe\">institucional@ucsp.edu.pe<\/a><\/p><p>\u00a0<\/p><p style=\"text-align: left;\"><strong>Mesa de partes<\/strong><br \/>Lunes a viernes de 9:00 a 17:00 horas<\/p>\t\t\t\t\t<\/div>\n\t\t\t\t\t\t<\/div>\n\t\t\t\t<\/div>\n\t\t\t\t\t\t<\/div>\n\t\t\t\t\t<\/div>\n\t\t<\/div>\n\t\t\t\t<div class=\"elementor-column elementor-col-25 elementor-inner-column elementor-element elementor-element-3c0bc78\" data-id=\"3c0bc78\" data-element_type=\"column\">\n\t\t\t<div class=\"elementor-column-wrap elementor-element-populated\">\n\t\t\t\t\t\t\t<div class=\"elementor-widget-wrap\">\n\t\t\t\t\t\t<div class=\"elementor-element elementor-element-eb1967c elementor-widget elementor-widget-image\" data-id=\"eb1967c\" data-element_type=\"widget\" data-widget_type=\"image.default\">\n\t\t\t\t<div class=\"elementor-widget-container\">\n\t\t\t\t\t\t\t\t<div class=\"elementor-image\">\n\t\t\t\t\t\t\t\t\t\t\t\t\t<a href=\"https:\/\/librodereclamaciones.ucsp.edu.pe\/\" target=\"_blank\">\n\t\t\t\t\t\t\t<img decoding=\"async\" width=\"276\" height=\"105\" src=\"https:\/\/ucsp.edu.pe\/felicitacionpublica\/wp-content\/uploads\/2021\/04\/icon-libro-reclamaciones.jpg\" class=\"attachment-full size-full wp-image-1841\" alt=\"\" loading=\"lazy\" sizes=\"100vw\" \/>\t\t\t\t\t\t\t\t<\/a>\n\t\t\t\t\t\t\t\t\t\t\t\t\t\t<\/div>\n\t\t\t\t\t\t<\/div>\n\t\t\t\t<\/div>\n\t\t\t\t<div class=\"elementor-element elementor-element-71287e7 elementor-widget elementor-widget-text-editor\" data-id=\"71287e7\" data-element_type=\"widget\" data-widget_type=\"text-editor.default\">\n\t\t\t\t<div class=\"elementor-widget-container\">\n\t\t\t\t\t\t\t\t<div class=\"elementor-text-editor elementor-clearfix\">\n\t\t\t\t<ul class=\"footer__menu\"><li><a title=\"Pol\u00edtica de privacidad (\u00falt. act. 31\/07\/2025)\" href=\"https:\/\/ucsp.edu.pe\/vive-san-pablo\/universidad\/transparencia\/politicas-privacidad-universidad-catolica-san-pablo\/\" target=\"\">Pol\u00edtica de privacidad (\u00falt. act. 31\/07\/2025)<\/a><\/li><li><a title=\"Buz\u00f3n de Sugerencias\" href=\"https:\/\/docs.google.com\/forms\/d\/e\/1FAIpQLSf6NcpI6leJjaojLkV9OweEbNhAz-Pd4lrfcFrKj-6T_Q9z1g\/viewform?pli=1\" target=\"\">Buz\u00f3n de Sugerencias<\/a><\/li><\/ul>\t\t\t\t\t<\/div>\n\t\t\t\t\t\t<\/div>\n\t\t\t\t<\/div>\n\t\t\t\t\t\t<\/div>\n\t\t\t\t\t<\/div>\n\t\t<\/div>\n\t\t\t\t<div class=\"elementor-column elementor-col-25 elementor-inner-column elementor-element elementor-element-6b87914\" data-id=\"6b87914\" data-element_type=\"column\">\n\t\t\t<div class=\"elementor-column-wrap elementor-element-populated\">\n\t\t\t\t\t\t\t<div class=\"elementor-widget-wrap\">\n\t\t\t\t\t\t<div class=\"elementor-element elementor-element-e2cfa63 elementor-widget elementor-widget-text-editor\" data-id=\"e2cfa63\" data-element_type=\"widget\" data-widget_type=\"text-editor.default\">\n\t\t\t\t<div class=\"elementor-widget-container\">\n\t\t\t\t\t\t\t\t<div class=\"elementor-text-editor elementor-clearfix\">\n\t\t\t\t<ul class=\"footer__menu\"><li><a title=\"Portal acad\u00e9mico\" href=\"https:\/\/academico.ucsp.edu.pe\/?_ga=2.72327443.1622659708.1768833868-442973382.1767361335\" target=\"\">Portal acad\u00e9mico<\/a><\/li><li><a title=\"Preguntas Frecuentes\" href=\"https:\/\/ucsp.edu.pe\/preguntas-frecuentes\/\" target=\"\">Preguntas Frecuentes<\/a><\/li><li><a title=\"Derechos Arco\" href=\"https:\/\/ucsp.edu.pe\/derechos-arco\/\" target=\"\">Derechos Arco<\/a><\/li><li><a title=\"Prevenci\u00f3n del Hostigamiento\" href=\"https:\/\/ucsp.edu.pe\/prevencion-hostigamiento\/\" target=\"\">Prevenci\u00f3n del Hostigamiento<\/a><\/li><li><a title=\"Objetos Perdidos\" href=\"https:\/\/ucsp.edu.pe\/objetos-perdidos\/\" target=\"\">Objetos Perdidos<\/a><\/li><li><a title=\"Seguro Contra Accidentes\" href=\"https:\/\/ucsp.edu.pe\/archivos\/ucsp\/seguro-contra-accidentes-personales.pdf\" target=\"\">Seguro Contra Accidentes<\/a><\/li><li><a title=\"Video tutoriales\" href=\"https:\/\/www.youtube.com\/playlist?list=PLLbY41gdIyqDbkGJT2mRTlFHaXF8xRvnP\" target=\"\">Video tutoriales<\/a><\/li><\/ul>\t\t\t\t\t<\/div>\n\t\t\t\t\t\t<\/div>\n\t\t\t\t<\/div>\n\t\t\t\t\t\t<\/div>\n\t\t\t\t\t<\/div>\n\t\t<\/div>\n\t\t\t\t<div class=\"elementor-column elementor-col-25 elementor-inner-column elementor-element elementor-element-21d416d\" data-id=\"21d416d\" data-element_type=\"column\">\n\t\t\t<div class=\"elementor-column-wrap elementor-element-populated\">\n\t\t\t\t\t\t\t<div class=\"elementor-widget-wrap\">\n\t\t\t\t\t\t<div class=\"elementor-element elementor-element-d30b520 elementor-widget elementor-widget-text-editor\" data-id=\"d30b520\" data-element_type=\"widget\" data-widget_type=\"text-editor.default\">\n\t\t\t\t<div class=\"elementor-widget-container\">\n\t\t\t\t\t\t\t\t<div class=\"elementor-text-editor elementor-clearfix\">\n\t\t\t\t<ul class=\"footer__menu\"><li><a title=\"Planeamiento Estrat\u00e9gico y Gesti\u00f3n de Calidad\" href=\"https:\/\/ucsp.edu.pe\/vive-san-pablo\/universidad\/direccion-planeamiento-estrategico\/\" target=\"\">Planeamiento Estrat\u00e9gico y Gesti\u00f3n de Calidad<\/a><\/li><li><a title=\"Sistema de Gesti\u00f3n Acad\u00e9mica (SGA)\" href=\"https:\/\/sga.ucsp.edu.pe\/sis\/\" target=\"\">Sistema de Gesti\u00f3n Acad\u00e9mica (SGA)<\/a><\/li><li><a title=\"Defensor\u00eda Universitaria\" href=\"https:\/\/ucsp.edu.pe\/defensoria-universitaria\/\" target=\"\">Defensor\u00eda Universitaria<\/a><\/li><li><a title=\"Terceros vinculados\" href=\"https:\/\/ucsp.edu.pe\/vive-san-pablo\/universidad\/transparencia\/terceros-vinculados-en-el-tratamiento-de-datos-personales-de-la-ucsp\/\" target=\"\">Terceros vinculados<\/a><\/li><li><a title=\"San Pablo Mail\" href=\"https:\/\/mail.google.com\/mail\/u\/0\/?pli=1\" target=\"_blank\" rel=\"noopener\">San Pablo Mail<\/a><\/li><li><a title=\"Aula Virtual Pregrado\" href=\"https:\/\/virtual.ucsp.edu.pe\/\" target=\"_blank\" rel=\"noopener\">Aula Virtual Pregrado<\/a><\/li><li><a title=\"Aula Virtual Postgrado\" href=\"https:\/\/epgvirtual.ucsp.edu.pe\/\" target=\"\">Aula Virtual Postgrado<\/a><\/li><\/ul>\t\t\t\t\t<\/div>\n\t\t\t\t\t\t<\/div>\n\t\t\t\t<\/div>\n\t\t\t\t\t\t<\/div>\n\t\t\t\t\t<\/div>\n\t\t<\/div>\n\t\t\t\t\t\t\t\t<\/div>\n\t\t\t\t\t<\/div>\n\t\t<\/section>\n\t\t\t\t\t\t<\/div>\n\t\t\t\t\t<\/div>\n\t\t<\/div>\n\t\t\t\t\t\t\t\t<\/div>\n\t\t\t\t\t<\/div>\n\t\t<\/section>\n\t\t\t\t<section class=\"elementor-section elementor-top-section elementor-element elementor-element-1ef0f25 elementor-section-boxed elementor-section-height-default elementor-section-height-default\" data-id=\"1ef0f25\" data-element_type=\"section\" data-settings=\"{&quot;background_background&quot;:&quot;classic&quot;}\">\n\t\t\t\t\t\t<div class=\"elementor-container elementor-column-gap-no\">\n\t\t\t\t\t\t\t<div class=\"elementor-row\">\n\t\t\t\t\t<div class=\"elementor-column elementor-col-100 elementor-top-column elementor-element elementor-element-33f7d34\" data-id=\"33f7d34\" data-element_type=\"column\">\n\t\t\t<div class=\"elementor-column-wrap elementor-element-populated\">\n\t\t\t\t\t\t\t<div class=\"elementor-widget-wrap\">\n\t\t\t\t\t\t<div class=\"elementor-element elementor-element-5294895 elementor-widget elementor-widget-text-editor\" data-id=\"5294895\" data-element_type=\"widget\" data-widget_type=\"text-editor.default\">\n\t\t\t\t<div class=\"elementor-widget-container\">\n\t\t\t\t\t\t\t\t<div class=\"elementor-text-editor elementor-clearfix\">\n\t\t\t\t<p>COPYRIGHT \u00a9 2026 Universidad Cat\u00f3lica San Pablo &#8211; RUC: 20327998413<\/p>\t\t\t\t\t<\/div>\n\t\t\t\t\t\t<\/div>\n\t\t\t\t<\/div>\n\t\t\t\t\t\t<\/div>\n\t\t\t\t\t<\/div>\n\t\t<\/div>\n\t\t\t\t\t\t\t\t<\/div>\n\t\t\t\t\t<\/div>\n\t\t<\/section>\n\t\t\t\t<\/div>\n\t\t<\/div>\n\t\t<\/div>\n\t\t\t\t<\/div>\n\t\t\t\t<\/div>\n\t\t\t\t\t\t<\/div>\n\t\t\t\t\t<\/div>\n\t\t<\/div>\n\t\t\t\t\t\t\t\t<\/div>\n\t\t\t\t\t<\/div>\n\t\t<\/section>\n\t\t\t\t\t\t\t\t\t<\/div>\n\t\t\t<\/div>\n\t\t\t\t\t<\/div>\n\t\t","protected":false},"excerpt":{"rendered":"<p>Escuela Profesionalde Derecho Felicitaci\u00f3n p\u00fablica ESCUELA PROFESIONAL NOMBRES Y APELLIDOS TRABAJO DE INVESTIGACION\/ TRABAJO DE SUFICIENCIA PROFESIONAL\/ TESIS FECHA DE DIPLOMA Derecho Alejandra Bellido Vergaray Aplicaci\u00f3n del Deber de Mitigar los Da\u00f1os por Parte del Acreedor a los Supuestos de Responsabilidad Civil Derivados del Incumplimiento del Contrato M\u00e9dico 28\/8\/2020 Derecho Mariella Nicole Manrique Guill\u00e9n Obligaciones &hellip; <\/p>\n<p class=\"link-more\"><a href=\"https:\/\/ucsp.edu.pe\/felicitacionpublica\/pregrado\/derecho\/\" class=\"more-link\">Continuar leyendo<span class=\"screen-reader-text\"> \u00abDerecho\u00bb<\/span><\/a><\/p>\n","protected":false},"author":1,"featured_media":1123,"comment_status":"open","ping_status":"open","sticky":false,"template":"elementor_canvas","format":"standard","meta":[],"categories":[10],"tags":[],"_links":{"self":[{"href":"https:\/\/ucsp.edu.pe\/felicitacionpublica\/wp-json\/wp\/v2\/posts\/308"}],"collection":[{"href":"https:\/\/ucsp.edu.pe\/felicitacionpublica\/wp-json\/wp\/v2\/posts"}],"about":[{"href":"https:\/\/ucsp.edu.pe\/felicitacionpublica\/wp-json\/wp\/v2\/types\/post"}],"author":[{"embeddable":true,"href":"https:\/\/ucsp.edu.pe\/felicitacionpublica\/wp-json\/wp\/v2\/users\/1"}],"replies":[{"embeddable":true,"href":"https:\/\/ucsp.edu.pe\/felicitacionpublica\/wp-json\/wp\/v2\/comments?post=308"}],"version-history":[{"count":116,"href":"https:\/\/ucsp.edu.pe\/felicitacionpublica\/wp-json\/wp\/v2\/posts\/308\/revisions"}],"predecessor-version":[{"id":1846,"href":"https:\/\/ucsp.edu.pe\/felicitacionpublica\/wp-json\/wp\/v2\/posts\/308\/revisions\/1846"}],"wp:featuredmedia":[{"embeddable":true,"href":"https:\/\/ucsp.edu.pe\/felicitacionpublica\/wp-json\/wp\/v2\/media\/1123"}],"wp:attachment":[{"href":"https:\/\/ucsp.edu.pe\/felicitacionpublica\/wp-json\/wp\/v2\/media?parent=308"}],"wp:term":[{"taxonomy":"category","embeddable":true,"href":"https:\/\/ucsp.edu.pe\/felicitacionpublica\/wp-json\/wp\/v2\/categories?post=308"},{"taxonomy":"post_tag","embeddable":true,"href":"https:\/\/ucsp.edu.pe\/felicitacionpublica\/wp-json\/wp\/v2\/tags?post=308"}],"curies":[{"name":"wp","href":"https:\/\/api.w.org\/{rel}","templated":true}]}}